
{"id":72,"date":"2015-10-30T18:11:09","date_gmt":"2015-10-30T17:11:09","guid":{"rendered":"http:\/\/www.eshph.org\/journal\/?p=72"},"modified":"2015-12-09T19:43:44","modified_gmt":"2015-12-09T18:43:44","slug":"photoresearcher-no-212015","status":"publish","type":"post","link":"http:\/\/www.eshph.org\/journal\/photoresearcher-no-212015\/","title":{"rendered":"PhotoResearcher No. 21|2014"},"content":{"rendered":"<h6>175 Years of Photography in Spain<\/h6>\n<a href=\"http:\/\/www.eshph.org\/journal\/wp-content\/uploads\/sites\/2\/2015\/11\/phr21.jpg\"><img loading=\"lazy\" decoding=\"async\" class=\"wp-image-267 alignleft\" src=\"http:\/\/www.eshph.org\/journal\/wp-content\/uploads\/sites\/2\/2015\/11\/phr21.jpg\" alt=\"phr21\" width=\"250\" height=\"393\" \/><\/a><a href=\"http:\/\/www.eshph.org\/journal\/wp-content\/uploads\/sites\/2\/2015\/10\/21_69.jpg\"><img loading=\"lazy\" decoding=\"async\" class=\"wp-image-516 alignnone\" src=\"http:\/\/www.eshph.org\/journal\/wp-content\/uploads\/sites\/2\/2015\/10\/21_69.jpg\" alt=\"21_69\" width=\"250\" height=\"307\" \/><\/a>\n<p><a class=\"editorial\" href=\"http:\/\/www.eshph.org\/journal\/wp-content\/uploads\/sites\/2\/2015\/10\/phrs_21_editorial.pdf\" target=\"_blank\"><i class=\"fa fa-file\"><\/i> DOWNLOAD EDITORIAL<\/a><\/p>\n<p><!--more--><\/p>\n<p><strong><span style=\"color: #cc0077;\">Editors<\/span><\/strong><br \/>\nCarmen P\u00e9rez Gonz\u00e1les, Ulla Fischer-Westhauser, Uwe Sch\u00f6gl<\/p>\n<p><strong><span style=\"color: #cc0077;\">Content<br \/>\n<\/span><\/strong>Lee Fontanella<strong><br \/>\nJos\u00e9 Albi\u00f1ana and the Royal Palace <\/strong><\/p>\n<p>Carmelo Vega<br \/>\n<strong>A Model-less Model.. Re-thinking the History of Photography in Spain<\/strong><\/p>\n<p>Luis Estepa Pinilla<br \/>\n<strong>Delight and Disaster: The First Photographic Treatise Written in Spanish for the American Continent<\/strong><\/p>\n<p>J\u00fcrg Schneider, Miquel Vilar\u00f3 i G\u00fcell<br \/>\n<strong>Fourteen Views of Fernando Po to Save the Colony<\/strong><\/p>\n<p>Juan Naranjo<br \/>\n<strong>From the Easel to the Printer. Avant-garde Photography and Art in Spain 1920-1945<\/strong><\/p>\n<p>Carmen P\u00e9rez Gonz\u00e1lez in Interview with Marie-Loup Sougez<br \/>\n<strong>Some Reflections on Albert-Louis Deschamps and the Spanish Civil War<\/strong><\/p>\n<p>Cynthia Young<br \/>\n<strong>Inside the Mexican Suitcase<\/strong><\/p>\n<p>Moritz Neum\u00fcller<br \/>\n<strong>The Spanish Photobook<\/strong><\/p>\n<p>Cristina de Middel and Alejandro Castellote in Conversation with Moritz Neum\u00fcller<br \/>\n<strong>On the Afronauts, Surrealism, Kleenex and the Crisis. And What They Have in Common<\/strong><\/p>\n<p>Pep Benlloch, Miguel Garc\u00eda, Pedro Vicente<br \/>\n<strong>`dFoto\u00b4 Directory of Photographic Archives and Collections in Spain. An Instrument for the Research and Preservation of Photography<\/strong><\/p>\n<p><a class=\"editorial\" href=\"http:\/\/www.eshph.org\/international-letter\/ordering\/\"><i class=\"fa fa-shopping-cart\"><\/i> Order the PhotoResearcher Journal or single articles as a PDF<\/a><\/p>\n","protected":false},"excerpt":{"rendered":"<p>175 Years of Photography in Spain DOWNLOAD EDITORIAL<\/p>\n","protected":false},"author":1,"featured_media":0,"comment_status":"open","ping_status":"open","sticky":false,"template":"","format":"standard","meta":{"footnotes":""},"categories":[37],"tags":[93,84,94,88,89,92,86,87,90,85,95,91],"_links":{"self":[{"href":"http:\/\/www.eshph.org\/journal\/wp-json\/wp\/v2\/posts\/72"}],"collection":[{"href":"http:\/\/www.eshph.org\/journal\/wp-json\/wp\/v2\/posts"}],"about":[{"href":"http:\/\/www.eshph.org\/journal\/wp-json\/wp\/v2\/types\/post"}],"author":[{"embeddable":true,"href":"http:\/\/www.eshph.org\/journal\/wp-json\/wp\/v2\/users\/1"}],"replies":[{"embeddable":true,"href":"http:\/\/www.eshph.org\/journal\/wp-json\/wp\/v2\/comments?post=72"}],"version-history":[{"count":14,"href":"http:\/\/www.eshph.org\/journal\/wp-json\/wp\/v2\/posts\/72\/revisions"}],"predecessor-version":[{"id":517,"href":"http:\/\/www.eshph.org\/journal\/wp-json\/wp\/v2\/posts\/72\/revisions\/517"}],"wp:attachment":[{"href":"http:\/\/www.eshph.org\/journal\/wp-json\/wp\/v2\/media?parent=72"}],"wp:term":[{"taxonomy":"category","embeddable":true,"href":"http:\/\/www.eshph.org\/journal\/wp-json\/wp\/v2\/categories?post=72"},{"taxonomy":"post_tag","embeddable":true,"href":"http:\/\/www.eshph.org\/journal\/wp-json\/wp\/v2\/tags?post=72"}],"curies":[{"name":"wp","href":"https:\/\/api.w.org\/{rel}","templated":true}]}}